{"id":76000,"date":"2025-02-20T07:30:59","date_gmt":"2025-02-20T07:30:59","guid":{"rendered":"https:\/\/kempower.com\/news\/kempower-lanza-un-cargador-station-charger-mejorado-amplia-la-plataforma-de-cargadores-de-nueva-generacion-de-la-empresa-con-el-modulo-power-module-v2\/"},"modified":"2025-08-01T06:23:47","modified_gmt":"2025-08-01T06:23:47","slug":"kempower-lanza-un-cargador-station-charger-mejorado-amplia-la-plataforma-de-cargadores-de-nueva-generacion-de-la-empresa-con-el-modulo-power-module-v2","status":"publish","type":"news","link":"https:\/\/kempower.com\/es\/news\/kempower-lanza-un-cargador-station-charger-mejorado-amplia-la-plataforma-de-cargadores-de-nueva-generacion-de-la-empresa-con-el-modulo-power-module-v2\/","title":{"rendered":"Kempower lanza un cargador Station Charger mejorado: ampl\u00eda la plataforma de cargadores de nueva generaci\u00f3n de la empresa con el m\u00f3dulo Power Module V2"},"content":{"rendered":"\n<section  class=\"hero-2023 hero-2023--short hero-2023--align-left bg-white\">\n\n  <!--div class=\"hero-2023__container\"-->\n  \n  <div class=\"hero-2023__container\">\n\n    <figure class=\"hero-2023__banner\">\n\n      <img decoding=\"async\" width=\"1920\" height=\"1047\" src=\"https:\/\/earj6jxwkhd.exactdn.com\/wp-content\/uploads\/2025\/02\/dc-fast-charger-station-charger-lahti-hq-kempower-6-1980x1080-2-1920x1047.jpg?strip=all&amp;lossy=1&amp;ssl=1\" class=\"hero-2023__banner__image\" alt=\"\" style=\"object-position: 50% 50%;\" srcset=\"https:\/\/earj6jxwkhd.exactdn.com\/wp-content\/uploads\/2025\/02\/dc-fast-charger-station-charger-lahti-hq-kempower-6-1980x1080-2-1920x1047.jpg?strip=all&amp;lossy=1&amp;ssl=1 1920w, https:\/\/earj6jxwkhd.exactdn.com\/wp-content\/uploads\/2025\/02\/dc-fast-charger-station-charger-lahti-hq-kempower-6-1980x1080-2-300x164.jpg?strip=all&amp;lossy=1&amp;ssl=1 300w, https:\/\/earj6jxwkhd.exactdn.com\/wp-content\/uploads\/2025\/02\/dc-fast-charger-station-charger-lahti-hq-kempower-6-1980x1080-2-1024x559.jpg?strip=all&amp;lossy=1&amp;ssl=1 1024w, https:\/\/earj6jxwkhd.exactdn.com\/wp-content\/uploads\/2025\/02\/dc-fast-charger-station-charger-lahti-hq-kempower-6-1980x1080-2-768x419.jpg?strip=all&amp;lossy=1&amp;ssl=1 768w, https:\/\/earj6jxwkhd.exactdn.com\/wp-content\/uploads\/2025\/02\/dc-fast-charger-station-charger-lahti-hq-kempower-6-1980x1080-2-1536x838.jpg?strip=all&amp;lossy=1&amp;ssl=1 1536w, https:\/\/earj6jxwkhd.exactdn.com\/wp-content\/uploads\/2025\/02\/dc-fast-charger-station-charger-lahti-hq-kempower-6-1980x1080-2-400x218.jpg?strip=all&amp;lossy=1&amp;ssl=1 400w, https:\/\/earj6jxwkhd.exactdn.com\/wp-content\/uploads\/2025\/02\/dc-fast-charger-station-charger-lahti-hq-kempower-6-1980x1080-2.jpg?strip=all&amp;lossy=1&amp;ssl=1 1980w, https:\/\/earj6jxwkhd.exactdn.com\/wp-content\/uploads\/2025\/02\/dc-fast-charger-station-charger-lahti-hq-kempower-6-1980x1080-2.jpg?strip=all&amp;lossy=1&amp;w=1188&amp;ssl=1 1188w\" sizes=\"(max-width: 575px) 100vw, (max-width: 767px) 510px, (max-width: 991px) 290px, (max-width: 1199px) 530px, 1440px\" \/>\n    <\/figure>\n\n    <div class=\"hero-2023__content\">\n\n              <a class=\"button button-arrow-left\" href=\"https:\/\/kempower.com\/es\/news\/\">\n          Volver a noticias        <\/a>\n\n        <span class=\"hero-2023__post-meta\">2025-02-20 \u2022 5 min. de lectura<\/span>\n      \n\n<h1 class=\"wp-block-heading\" id=\"h-kempower-launches-enhanced-station-charger-extends-the-company-s-next-generation-charger-platform-with-power-module-v2\">Kempower lanza un cargador Station Charger mejorado: ampl\u00eda la plataforma de cargadores de nueva generaci\u00f3n de la empresa con el m\u00f3dulo Power Module V2<\/h1>\n\n\n\n    <\/div>\n  <\/div>\n<\/section>\n\n<section class=\"block block-content-wrapper container-fluid bg-white wide\"\n    >\n    <div class=\"container\">\n        <div class=\"row\">\n            <div class=\"col-12\">\n                <main class=\"entry-content mx-auto\">\n                    \n\n<p><strong>Kempower se enorgullece de anunciar el lanzamiento de Kempower mejorado <\/strong><a href=\"https:\/\/kempower.com\/es\/solution\/kempower-station-charger\/\" target=\"_blank\" rel=\"noreferrer noopener\"><strong>Cargador de estaci\u00f3n<\/strong><\/a><strong>, que incorpora el vanguardista <a href=\"https:\/\/kempower.com\/es\/kempower-power-module\/\">M\u00f3dulo de Potencia V2 de Kempower<\/a>. Esta importante actualizaci\u00f3n ampl\u00eda la plataforma de cargadores de nueva generaci\u00f3n de Kempower, proporcionando un rendimiento superior con tecnolog\u00eda de carburo de silicio (SiC).   <\/strong> <\/p>\n\n\n\n<p>El cargador Station Charger actualizado introduce varias mejoras clave dise\u00f1adas para mejorar el rendimiento, la fiabilidad y la experiencia del usuario. En el centro de esta actualizaci\u00f3n se encuentra el m\u00f3dulo de alimentaci\u00f3n Kempower V2, que aporta los \u00faltimos avances tecnol\u00f3gicos de la plataforma de cargadores de nueva generaci\u00f3n de Kempower a las ya robustas soluciones de carga de la empresa. La integraci\u00f3n del m\u00f3dulo V2 ha impulsado el redise\u00f1o de la estructura del armario del Station Charger, aline\u00e1ndolo con la actual Kempower Power Unit para proporcionar una refrigeraci\u00f3n, filtraci\u00f3n de aire y resistencia medioambiental superiores.    <\/p>\n\n\n\n<p>Adem\u00e1s de las mejoras estructurales, el nuevo Kempower Station Charger incluye capacidades mejoradas de medici\u00f3n de energ\u00eda. Los clientes que necesiten una supervisi\u00f3n precisa de sus operaciones de carga de CC se beneficiar\u00e1n de la inclusi\u00f3n de contadores de energ\u00eda tanto de CC como de CA. Esta caracter\u00edstica garantiza un seguimiento preciso y la elaboraci\u00f3n de informes sobre el uso de la energ\u00eda, apoyando una gesti\u00f3n energ\u00e9tica m\u00e1s eficiente y transparente.    <\/p>\n\n\n\n<blockquote class=\"wp-block-quote is-layout-flow wp-block-quote-is-layout-flow\">\n<p><em>\u00abLa actualizaci\u00f3n del Station Charger representa el compromiso de Kempower con la innovaci\u00f3n continua, proporcionando a nuestros clientes las soluciones de carga m\u00e1s fiables y eficientes del mercado. Las nuevas caracter\u00edsticas, incluida la refrigeraci\u00f3n mejorada, la medici\u00f3n avanzada de la energ\u00eda y el dise\u00f1o modular, garantizan que nuestro Station Charger satisfaga las necesidades cambiantes del sector de los veh\u00edculos el\u00e9ctricos\u00bb<\/em>, afirm\u00f3 el director de mercados de Kempower <strong>, Jussi Vanhanen<\/strong>.<\/p>\n<\/blockquote>\n\n\n\n<p>La versatilidad del cargador actualizado Kempower Station Charger lo convierte en una soluci\u00f3n ideal para una amplia gama de aplicaciones, como cocheras de autobuses y camiones, estaciones de servicio, etc. Su dise\u00f1o modular permite una f\u00e1cil escalabilidad, mientras que el software de gesti\u00f3n de la carga ChargEye proporciona funciones completas de gesti\u00f3n de la energ\u00eda y la potencia, incluida la planificaci\u00f3n avanzada de la carga y la supervisi\u00f3n en tiempo real.   <\/p>\n\n\n\n<p><strong>Principales ventajas del Kempower Station Charger:<\/strong> <\/p>\n\n\n\n<ul class=\"wp-block-list\">\n<li><strong>Dise\u00f1o compacto y modular: <\/strong>dise\u00f1ado para ocupar poco espacio y ser f\u00e1cilmente escalable, lo que lo hace ideal para diversas aplicaciones, incluidos los espacios reducidos de carga de dep\u00f3sitos.  <\/li>\n<\/ul>\n\n\n\n<ul class=\"wp-block-list\">\n<li><strong>Distribuci\u00f3n din\u00e1mica de la energ\u00eda: <\/strong>cuenta con un m\u00f3dulo de distribuci\u00f3n din\u00e1mica de la energ\u00eda que puede redirigir los canales del m\u00f3dulo de alimentaci\u00f3n durante la carga, garantizando un rendimiento y una eficiencia \u00f3ptimos.  <\/li>\n<\/ul>\n\n\n\n<ul class=\"wp-block-list\">\n<li><strong>Manejo avanzado del cable: <\/strong>equipado con cables de carga con resorte que no tocan el suelo, lo que garantiza que permanezcan limpios y sean f\u00e1ciles de manejar. La longitud de los cables oscila entre 4 y 6 metros.   <\/li>\n<\/ul>\n\n\n\n<ul class=\"wp-block-list\">\n<li><strong>Opciones de carga vers\u00e1tiles: <\/strong>disponible en versiones de 500 V y 800 V, compatible con una amplia gama de tensiones de transmisi\u00f3n de los veh\u00edculos. La potencia de carga oscila entre 50 kW y 400 kW, con opciones para CCS2, CHAdeMO y conectores de CA de tipo 2.   <\/li>\n<\/ul>\n\n\n\n<ul class=\"wp-block-list\">\n<li><strong>Robusto y fiable: <\/strong>el cargador est\u00e1 construido para soportar diversas condiciones ambientales, con refrigeraci\u00f3n mejorada, filtraci\u00f3n de aire y resistencia a factores externos.  <\/li>\n<\/ul>\n\n\n\n<ul class=\"wp-block-list\">\n<li><strong>Instalaci\u00f3n sencilla: <\/strong>el dise\u00f1o todo en uno simplifica la instalaci\u00f3n y el mantenimiento, garantizando un proceso de configuraci\u00f3n sin complicaciones.  <\/li>\n<\/ul>\n\n\n\n<ul class=\"wp-block-list\">\n<li><strong>Cumple con AFIR: <\/strong>cumple totalmente con el <a href=\"https:\/\/kempower.com\/es\/navegando-por-afir-guia-de-soluciones-de-carga-de-vehiculos-electricos-que-cumplen-la-normativa\/\" target=\"_blank\" rel=\"noreferrer noopener\">Reglamento de Infraestructuras de Combustibles Alternativos (AFIR)<\/a>, con capacidad para integrar terminales de pago con tarjeta para realizar transacciones seguras y sin problemas. El Station Charger puede equiparse con el terminal de pago Payter Apollo.   <\/li>\n<\/ul>\n\n\n\n<p>El Kempower Station Charger ha ganado adeptos en varios pa\u00edses, como por ejemplo en Finlandia, Suecia, Noruega, Estonia, Francia, Italia, Espa\u00f1a, Australia y EE.UU. Esta amplia adopci\u00f3n subraya la demanda mundial de soluciones de recarga fiables e innovadoras que apoyen la transici\u00f3n a la movilidad el\u00e9ctrica.  <\/p>\n\n\n\n<p><strong>Kempower Media:<\/strong> <\/p>\n\n\n\n<p>Paula Savonen, VP, Comunicaciones, Kempower  <\/p>\n\n\n\n<p>p<a href=\"mailto:paula.savonen@kempower.com\" target=\"_blank\" rel=\"noreferrer noopener\">aula.sa<\/a>vonen@kempower.com  <\/p>\n\n\n\n<p>+358 29 0021900  <\/p>\n\n\n\n<p><strong>Acerca de<\/strong><strong>Kempower<\/strong>:  <\/p>\n\n\n\n<p>Dise\u00f1amos y fabricamos soluciones de carga r\u00e1pida de CC fiables y f\u00e1ciles de usar para veh\u00edculos el\u00e9ctricos. Nuestra visi\u00f3n es crear las soluciones de carga de veh\u00edculos el\u00e9ctricos m\u00e1s deseadas del mundo para todos, en todas partes. El desarrollo y la producci\u00f3n de nuestros productos tienen su sede en Finlandia y en EE.UU., y la mayor\u00eda de nuestros materiales y componentes se obtienen localmente. Nos centramos en todas las \u00e1reas de la e-movilidad, desde los coches, camiones y autobuses el\u00e9ctricos hasta las m\u00e1quinas y la marina. Nuestro sistema de carga modular y escalable y nuestro software de primera clase est\u00e1n dise\u00f1ados por conductores de VE para conductores de VE, lo que permite la mejor experiencia de usuario para nuestros clientes de todo el mundo. Kempower cotiza en la bolsa finlandesa de Nasdaq Helsinki. www.<a href=\"https:\/\/www.kempower.com\/\" target=\"_blank\" rel=\"noreferrer noopener\">kempower.com<\/a>     <\/p>\n\n\n                <\/main>\n            <\/div>\n        <\/div>\n    <\/div>\n<\/section>\n  <section class=\"block block-carousel-highlight container-fluid bg-white block-carousel-highlight-slick\"\n    >\n    <div class=\"container\">\n      <div class=\"row\">\n        <div class=\"col-12\">\n\n                      <main class=\"entry-content block-carousel-highlight-entry-content text-left\">\n              <h2 class=\"wp-block-heading h3\">\n                Seguir leyendo              <\/h2>\n            <\/main>\n            \n          <div class=\"block-carousel-highlight-row row flex-nowrap\">\n            \n              <div class=\"block-carousel-highlight-item col-12 col-md-6 col-xl-4\">\n                \n<article id=\"62705\" class=\"card block-carousel-highlight-card card--news\">\n\n  <a class=\"card-link\" href=\"https:\/\/kempower.com\/es\/news\/kempower-launches-0-financing\/\"\n    aria-label=\"Leer m\u00e1s\"\n    >\n  <\/a>\n\n      <figure class=\"card-image-wrapper \">\n      <img decoding=\"async\" class=\"card-image\"\n        src=\"https:\/\/earj6jxwkhd.exactdn.com\/wp-content\/uploads\/2025\/04\/kempower-financing0-electric100-1200x1200-1-768x460.jpg?strip=all&fit=768%2C460&lossy=1&ssl=1\"\n        width=\"768\"\n        height=\"460\"\n        alt=\"\"\n        loading=\"lazy\"\/>\n    <\/figure>\n    \n  <div class=\"card-text-wrapper\">\n\n          <div class=\"card-meta\">\n\n                  <span class=\"card-type\">\n            Novedades          <\/span>\n                    <span class=\"card-info\">\n            <time>2025-02-19<\/time><span>7 min. de lectura<\/span>          <\/span>\n          \n      <\/div>\n            <h3 class=\"card-title h4\">\n        Kempower lanza una campa\u00f1a de financiaci\u00f3n al 0% para la compra de sus soluciones de recarga r\u00e1pida, con el objetivo de acelerar el despliegue de la infraestructura de recarga para veh\u00edculos el\u00e9ctricos en Europa y Australia.      <\/h3>\n      \n    \n    <div class=\"card-info-container\">\n\n              <div class=\"card-button button button-arrow\" href=\"https:\/\/kempower.com\/es\/news\/kempower-launches-0-financing\/\">\n          Leer m\u00e1s        <\/div>\n        \n    <\/div>\n  <\/div>\n<\/article>              <\/div>\n              \n              <div class=\"block-carousel-highlight-item col-12 col-md-6 col-xl-4\">\n                \n<article id=\"62720\" class=\"card block-carousel-highlight-card card--news\">\n\n  <a class=\"card-link\" href=\"https:\/\/kempower.com\/es\/news\/kempower-publica-un-libro-imposible-cuenta-la-historia-de-la-empresa-de-recarga-de-dc-desde-los-dolores-de-crecimiento-de-la-startup-hasta-el-crecimiento-de-un-cohete-unicornio\/\"\n    aria-label=\"Leer m\u00e1s\"\n    >\n  <\/a>\n\n      <figure class=\"card-image-wrapper \">\n      <img decoding=\"async\" class=\"card-image\"\n        src=\"https:\/\/earj6jxwkhd.exactdn.com\/wp-content\/uploads\/2025\/02\/pile-of-kp-books-1920x1280px-768x460.jpg?strip=all&fit=768%2C460&lossy=1&ssl=1\"\n        width=\"768\"\n        height=\"460\"\n        alt=\"\"\n        loading=\"lazy\"\/>\n    <\/figure>\n    \n  <div class=\"card-text-wrapper\">\n\n          <div class=\"card-meta\">\n\n                  <span class=\"card-type\">\n            Novedades          <\/span>\n                    <span class=\"card-info\">\n            <time>2025-02-18<\/time><span>4 min. de lectura<\/span>          <\/span>\n          \n      <\/div>\n            <h3 class=\"card-title h4\">\n        Kempower publica un libro: \u00abImposible\u00bb cuenta la historia de la empresa de recarga de DC desde los dolores de crecimiento de la startup hasta el crecimiento de un cohete unicornio      <\/h3>\n      \n    \n    <div class=\"card-info-container\">\n\n              <div class=\"card-button button button-arrow\" href=\"https:\/\/kempower.com\/es\/news\/kempower-publica-un-libro-imposible-cuenta-la-historia-de-la-empresa-de-recarga-de-dc-desde-los-dolores-de-crecimiento-de-la-startup-hasta-el-crecimiento-de-un-cohete-unicornio\/\">\n          Leer m\u00e1s        <\/div>\n        \n    <\/div>\n  <\/div>\n<\/article>              <\/div>\n              \n              <div class=\"block-carousel-highlight-item col-12 col-md-6 col-xl-4\">\n                \n<article id=\"62748\" class=\"card block-carousel-highlight-card card--news\">\n\n  <a class=\"card-link\" href=\"https:\/\/kempower.com\/es\/news\/kempower-se-convierte-en-el-proveedor-de-soluciones-de-recarga-rapida-de-cc-lider-del-mercado-en-noruega-con-3000-puntos-de-recarga\/\"\n    aria-label=\"Leer m\u00e1s\"\n    >\n  <\/a>\n\n      <figure class=\"card-image-wrapper \">\n      <img decoding=\"async\" class=\"card-image\"\n        src=\"https:\/\/earj6jxwkhd.exactdn.com\/wp-content\/uploads\/2025\/01\/norja3000-768x460.jpg?strip=all&fit=768%2C460&lossy=1&ssl=1\"\n        width=\"768\"\n        height=\"460\"\n        alt=\"\"\n        loading=\"lazy\"\/>\n    <\/figure>\n    \n  <div class=\"card-text-wrapper\">\n\n          <div class=\"card-meta\">\n\n                  <span class=\"card-type\">\n            Novedades          <\/span>\n                    <span class=\"card-info\">\n            <time>2025-01-30<\/time><span>5 min. de lectura<\/span>          <\/span>\n          \n      <\/div>\n            <h3 class=\"card-title h4\">\n        Kempower se convierte en el proveedor de soluciones de recarga r\u00e1pida de CC l\u00edder del mercado en Noruega con 3000 puntos de recarga      <\/h3>\n      \n    \n    <div class=\"card-info-container\">\n\n              <div class=\"card-button button button-arrow\" href=\"https:\/\/kempower.com\/es\/news\/kempower-se-convierte-en-el-proveedor-de-soluciones-de-recarga-rapida-de-cc-lider-del-mercado-en-noruega-con-3000-puntos-de-recarga\/\">\n          Leer m\u00e1s        <\/div>\n        \n    <\/div>\n  <\/div>\n<\/article>              <\/div>\n                        <\/div>\n\n          <div class=\"block-carousel-highlight-controls d-flex flex-nowrap justify-content-center align-items-center\">\n            <button class=\"block-carousel-highlight-prev\">\n              Anterior            <\/button>\n            <div class=\"block-carousel-highlight-dots flex-grow-1 flex-md-grow-0\"><\/div>\n            <button class=\"block-carousel-highlight-next\">\n              Siguiente            <\/button>\n          <\/div>\n\n        <\/div>\n      <\/div>\n    <\/div>\n  <\/section>\n  ","protected":false},"excerpt":{"rendered":"<p>Kempower se enorgullece de anunciar el lanzamiento del cargador mejorado Kempower Station Charger, que incorpora el vanguardista m\u00f3dulo de alimentaci\u00f3n Kempower Power Module V2. Esta importante actualizaci\u00f3n ampl\u00eda la plataforma de cargadores de nueva generaci\u00f3n de Kempower, proporcionando un rendimiento superior con tecnolog\u00eda de carburo de silicio (SiC). <\/p>\n","protected":false},"featured_media":62740,"template":"","tags":[187],"class_list":["post-76000","news","type-news","status-publish","has-post-thumbnail","hentry","tag-carga-publica"],"acf":[],"yoast_head":"<!-- This site is optimized with the Yoast SEO Premium plugin v25.1 (Yoast SEO v25.1) - https:\/\/yoast.com\/wordpress\/plugins\/seo\/ -->\n<title>Kempower lanza un cargador Station Charger mejorado: ampl\u00eda la plataforma de cargadores de nueva generaci\u00f3n de la empresa con el m\u00f3dulo Power Module V2 - Kempower<\/title>\n<meta name=\"description\" content=\"febrero 20, 2025 - Kempower lanza un cargador Station Charger mejorado: ampl\u00eda la plataforma de cargadores de nueva generaci\u00f3n de la empresa con el m\u00f3dulo Power Module V2 Kempower se enorgullece de anunciar el lanzamiento de Kempower Station Charger mejorado, que incorpora el vanguardista M\u00f3dulo de Potencia Kempower V2.\" \/>\n<meta name=\"robots\" content=\"index, follow, max-snippet:-1, max-image-preview:large, max-video-preview:-1\" \/>\n<link rel=\"canonical\" href=\"https:\/\/kempower.com\/es\/news\/kempower-lanza-un-cargador-station-charger-mejorado-amplia-la-plataforma-de-cargadores-de-nueva-generacion-de-la-empresa-con-el-modulo-power-module-v2\/\" \/>\n<meta property=\"og:locale\" content=\"es_ES\" \/>\n<meta property=\"og:type\" content=\"article\" \/>\n<meta property=\"og:title\" content=\"Kempower lanza un cargador Station Charger mejorado: ampl\u00eda la plataforma de cargadores de nueva generaci\u00f3n de la empresa con el m\u00f3dulo Power Module V2\" \/>\n<meta property=\"og:description\" content=\"febrero 20, 2025 - Kempower lanza un cargador Station Charger mejorado: ampl\u00eda la plataforma de cargadores de nueva generaci\u00f3n de la empresa con el m\u00f3dulo Power Module V2 Kempower se enorgullece de anunciar el lanzamiento de Kempower Station Charger mejorado, que incorpora el vanguardista M\u00f3dulo de Potencia Kempower V2.\" \/>\n<meta property=\"og:url\" content=\"https:\/\/kempower.com\/es\/news\/kempower-lanza-un-cargador-station-charger-mejorado-amplia-la-plataforma-de-cargadores-de-nueva-generacion-de-la-empresa-con-el-modulo-power-module-v2\/\" \/>\n<meta property=\"og:site_name\" content=\"Kempower\" \/>\n<meta property=\"article:publisher\" content=\"https:\/\/www.facebook.com\/kempowerfi\/\" \/>\n<meta property=\"article:modified_time\" content=\"2025-08-01T06:23:47+00:00\" \/>\n<meta property=\"og:image\" content=\"https:\/\/earj6jxwkhd.exactdn.com\/wp-content\/uploads\/2025\/02\/dc-fast-charger-station-charger-lahti-hq-kempower-6-1980x1080-2.jpg?strip=all&lossy=1&ssl=1\" \/>\n\t<meta property=\"og:image:width\" content=\"1980\" \/>\n\t<meta property=\"og:image:height\" content=\"1080\" \/>\n\t<meta property=\"og:image:type\" content=\"image\/jpeg\" \/>\n<meta name=\"twitter:card\" content=\"summary_large_image\" \/>\n<meta name=\"twitter:site\" content=\"@kempoweroyj\" \/>\n<meta name=\"twitter:label1\" content=\"Tiempo de lectura\" \/>\n\t<meta name=\"twitter:data1\" content=\"5 minutos\" \/>\n<script type=\"application\/ld+json\" class=\"yoast-schema-graph\">{\"@context\":\"https:\/\/schema.org\",\"@graph\":[{\"@type\":\"WebPage\",\"@id\":\"https:\/\/kempower.com\/es\/news\/kempower-lanza-un-cargador-station-charger-mejorado-amplia-la-plataforma-de-cargadores-de-nueva-generacion-de-la-empresa-con-el-modulo-power-module-v2\/\",\"url\":\"https:\/\/kempower.com\/es\/news\/kempower-lanza-un-cargador-station-charger-mejorado-amplia-la-plataforma-de-cargadores-de-nueva-generacion-de-la-empresa-con-el-modulo-power-module-v2\/\",\"name\":\"Kempower lanza un cargador Station Charger mejorado: ampl\u00eda la plataforma de cargadores de nueva generaci\u00f3n de la empresa con el m\u00f3dulo Power Module V2 - Kempower\",\"isPartOf\":{\"@id\":\"https:\/\/kempower.com\/es\/#website\"},\"primaryImageOfPage\":{\"@id\":\"https:\/\/kempower.com\/es\/news\/kempower-lanza-un-cargador-station-charger-mejorado-amplia-la-plataforma-de-cargadores-de-nueva-generacion-de-la-empresa-con-el-modulo-power-module-v2\/#primaryimage\"},\"image\":{\"@id\":\"https:\/\/kempower.com\/es\/news\/kempower-lanza-un-cargador-station-charger-mejorado-amplia-la-plataforma-de-cargadores-de-nueva-generacion-de-la-empresa-con-el-modulo-power-module-v2\/#primaryimage\"},\"thumbnailUrl\":\"https:\/\/earj6jxwkhd.exactdn.com\/wp-content\/uploads\/2025\/02\/dc-fast-charger-station-charger-lahti-hq-kempower-6-1980x1080-2.jpg?strip=all&lossy=1&ssl=1\",\"datePublished\":\"2025-02-20T07:30:59+00:00\",\"dateModified\":\"2025-08-01T06:23:47+00:00\",\"description\":\"febrero 20, 2025 - Kempower lanza un cargador Station Charger mejorado: ampl\u00eda la plataforma de cargadores de nueva generaci\u00f3n de la empresa con el m\u00f3dulo Power Module V2 Kempower se enorgullece de anunciar el lanzamiento de Kempower Station Charger mejorado, que incorpora el vanguardista M\u00f3dulo de Potencia Kempower V2.\",\"breadcrumb\":{\"@id\":\"https:\/\/kempower.com\/es\/news\/kempower-lanza-un-cargador-station-charger-mejorado-amplia-la-plataforma-de-cargadores-de-nueva-generacion-de-la-empresa-con-el-modulo-power-module-v2\/#breadcrumb\"},\"inLanguage\":\"es\",\"potentialAction\":[{\"@type\":\"ReadAction\",\"target\":[\"https:\/\/kempower.com\/es\/news\/kempower-lanza-un-cargador-station-charger-mejorado-amplia-la-plataforma-de-cargadores-de-nueva-generacion-de-la-empresa-con-el-modulo-power-module-v2\/\"]}]},{\"@type\":\"ImageObject\",\"inLanguage\":\"es\",\"@id\":\"https:\/\/kempower.com\/es\/news\/kempower-lanza-un-cargador-station-charger-mejorado-amplia-la-plataforma-de-cargadores-de-nueva-generacion-de-la-empresa-con-el-modulo-power-module-v2\/#primaryimage\",\"url\":\"https:\/\/earj6jxwkhd.exactdn.com\/wp-content\/uploads\/2025\/02\/dc-fast-charger-station-charger-lahti-hq-kempower-6-1980x1080-2.jpg?strip=all&lossy=1&ssl=1\",\"contentUrl\":\"https:\/\/earj6jxwkhd.exactdn.com\/wp-content\/uploads\/2025\/02\/dc-fast-charger-station-charger-lahti-hq-kempower-6-1980x1080-2.jpg?strip=all&lossy=1&ssl=1\",\"width\":1980,\"height\":1080},{\"@type\":\"BreadcrumbList\",\"@id\":\"https:\/\/kempower.com\/es\/news\/kempower-lanza-un-cargador-station-charger-mejorado-amplia-la-plataforma-de-cargadores-de-nueva-generacion-de-la-empresa-con-el-modulo-power-module-v2\/#breadcrumb\",\"itemListElement\":[{\"@type\":\"ListItem\",\"position\":1,\"name\":\"Home\",\"item\":\"https:\/\/kempower.com\/es\/\"},{\"@type\":\"ListItem\",\"position\":2,\"name\":\"News\",\"item\":\"https:\/\/kempower.com\/es\/news\/\"},{\"@type\":\"ListItem\",\"position\":3,\"name\":\"Kempower lanza un cargador Station Charger mejorado: ampl\u00eda la plataforma de cargadores de nueva generaci\u00f3n de la empresa con el m\u00f3dulo Power Module V2\"}]},{\"@type\":\"WebSite\",\"@id\":\"https:\/\/kempower.com\/es\/#website\",\"url\":\"https:\/\/kempower.com\/es\/\",\"name\":\"Kempower\",\"description\":\"Powering Planet Cool\",\"publisher\":{\"@id\":\"https:\/\/kempower.com\/es\/#organization\"},\"potentialAction\":[{\"@type\":\"SearchAction\",\"target\":{\"@type\":\"EntryPoint\",\"urlTemplate\":\"https:\/\/kempower.com\/es\/?s={search_term_string}\"},\"query-input\":{\"@type\":\"PropertyValueSpecification\",\"valueRequired\":true,\"valueName\":\"search_term_string\"}}],\"inLanguage\":\"es\"},{\"@type\":\"Organization\",\"@id\":\"https:\/\/kempower.com\/es\/#organization\",\"name\":\"Kempower Oy\",\"alternateName\":\"Kempower\",\"url\":\"https:\/\/kempower.com\/es\/\",\"logo\":{\"@type\":\"ImageObject\",\"inLanguage\":\"es\",\"@id\":\"https:\/\/kempower.com\/es\/#\/schema\/logo\/image\/\",\"url\":\"https:\/\/earj6jxwkhd.exactdn.com\/wp-content\/uploads\/2024\/04\/kp-logo-orangelarge.svg\",\"contentUrl\":\"https:\/\/earj6jxwkhd.exactdn.com\/wp-content\/uploads\/2024\/04\/kp-logo-orangelarge.svg\",\"width\":696,\"height\":697,\"caption\":\"Kempower Oy\"},\"image\":{\"@id\":\"https:\/\/kempower.com\/es\/#\/schema\/logo\/image\/\"},\"sameAs\":[\"https:\/\/www.facebook.com\/kempowerfi\/\",\"https:\/\/x.com\/kempoweroyj\"]}]}<\/script>\n<!-- \/ Yoast SEO Premium plugin. -->","yoast_head_json":{"title":"Kempower lanza un cargador Station Charger mejorado: ampl\u00eda la plataforma de cargadores de nueva generaci\u00f3n de la empresa con el m\u00f3dulo Power Module V2 - Kempower","description":"febrero 20, 2025 - Kempower lanza un cargador Station Charger mejorado: ampl\u00eda la plataforma de cargadores de nueva generaci\u00f3n de la empresa con el m\u00f3dulo Power Module V2 Kempower se enorgullece de anunciar el lanzamiento de Kempower Station Charger mejorado, que incorpora el vanguardista M\u00f3dulo de Potencia Kempower V2.","robots":{"index":"index","follow":"follow","max-snippet":"max-snippet:-1","max-image-preview":"max-image-preview:large","max-video-preview":"max-video-preview:-1"},"canonical":"https:\/\/kempower.com\/es\/news\/kempower-lanza-un-cargador-station-charger-mejorado-amplia-la-plataforma-de-cargadores-de-nueva-generacion-de-la-empresa-con-el-modulo-power-module-v2\/","og_locale":"es_ES","og_type":"article","og_title":"Kempower lanza un cargador Station Charger mejorado: ampl\u00eda la plataforma de cargadores de nueva generaci\u00f3n de la empresa con el m\u00f3dulo Power Module V2","og_description":"febrero 20, 2025 - Kempower lanza un cargador Station Charger mejorado: ampl\u00eda la plataforma de cargadores de nueva generaci\u00f3n de la empresa con el m\u00f3dulo Power Module V2 Kempower se enorgullece de anunciar el lanzamiento de Kempower Station Charger mejorado, que incorpora el vanguardista M\u00f3dulo de Potencia Kempower V2.","og_url":"https:\/\/kempower.com\/es\/news\/kempower-lanza-un-cargador-station-charger-mejorado-amplia-la-plataforma-de-cargadores-de-nueva-generacion-de-la-empresa-con-el-modulo-power-module-v2\/","og_site_name":"Kempower","article_publisher":"https:\/\/www.facebook.com\/kempowerfi\/","article_modified_time":"2025-08-01T06:23:47+00:00","og_image":[{"width":1980,"height":1080,"url":"https:\/\/earj6jxwkhd.exactdn.com\/wp-content\/uploads\/2025\/02\/dc-fast-charger-station-charger-lahti-hq-kempower-6-1980x1080-2.jpg?strip=all&lossy=1&ssl=1","type":"image\/jpeg"}],"twitter_card":"summary_large_image","twitter_site":"@kempoweroyj","twitter_misc":{"Tiempo de lectura":"5 minutos"},"schema":{"@context":"https:\/\/schema.org","@graph":[{"@type":"WebPage","@id":"https:\/\/kempower.com\/es\/news\/kempower-lanza-un-cargador-station-charger-mejorado-amplia-la-plataforma-de-cargadores-de-nueva-generacion-de-la-empresa-con-el-modulo-power-module-v2\/","url":"https:\/\/kempower.com\/es\/news\/kempower-lanza-un-cargador-station-charger-mejorado-amplia-la-plataforma-de-cargadores-de-nueva-generacion-de-la-empresa-con-el-modulo-power-module-v2\/","name":"Kempower lanza un cargador Station Charger mejorado: ampl\u00eda la plataforma de cargadores de nueva generaci\u00f3n de la empresa con el m\u00f3dulo Power Module V2 - Kempower","isPartOf":{"@id":"https:\/\/kempower.com\/es\/#website"},"primaryImageOfPage":{"@id":"https:\/\/kempower.com\/es\/news\/kempower-lanza-un-cargador-station-charger-mejorado-amplia-la-plataforma-de-cargadores-de-nueva-generacion-de-la-empresa-con-el-modulo-power-module-v2\/#primaryimage"},"image":{"@id":"https:\/\/kempower.com\/es\/news\/kempower-lanza-un-cargador-station-charger-mejorado-amplia-la-plataforma-de-cargadores-de-nueva-generacion-de-la-empresa-con-el-modulo-power-module-v2\/#primaryimage"},"thumbnailUrl":"https:\/\/earj6jxwkhd.exactdn.com\/wp-content\/uploads\/2025\/02\/dc-fast-charger-station-charger-lahti-hq-kempower-6-1980x1080-2.jpg?strip=all&lossy=1&ssl=1","datePublished":"2025-02-20T07:30:59+00:00","dateModified":"2025-08-01T06:23:47+00:00","description":"febrero 20, 2025 - Kempower lanza un cargador Station Charger mejorado: ampl\u00eda la plataforma de cargadores de nueva generaci\u00f3n de la empresa con el m\u00f3dulo Power Module V2 Kempower se enorgullece de anunciar el lanzamiento de Kempower Station Charger mejorado, que incorpora el vanguardista M\u00f3dulo de Potencia Kempower V2.","breadcrumb":{"@id":"https:\/\/kempower.com\/es\/news\/kempower-lanza-un-cargador-station-charger-mejorado-amplia-la-plataforma-de-cargadores-de-nueva-generacion-de-la-empresa-con-el-modulo-power-module-v2\/#breadcrumb"},"inLanguage":"es","potentialAction":[{"@type":"ReadAction","target":["https:\/\/kempower.com\/es\/news\/kempower-lanza-un-cargador-station-charger-mejorado-amplia-la-plataforma-de-cargadores-de-nueva-generacion-de-la-empresa-con-el-modulo-power-module-v2\/"]}]},{"@type":"ImageObject","inLanguage":"es","@id":"https:\/\/kempower.com\/es\/news\/kempower-lanza-un-cargador-station-charger-mejorado-amplia-la-plataforma-de-cargadores-de-nueva-generacion-de-la-empresa-con-el-modulo-power-module-v2\/#primaryimage","url":"https:\/\/earj6jxwkhd.exactdn.com\/wp-content\/uploads\/2025\/02\/dc-fast-charger-station-charger-lahti-hq-kempower-6-1980x1080-2.jpg?strip=all&lossy=1&ssl=1","contentUrl":"https:\/\/earj6jxwkhd.exactdn.com\/wp-content\/uploads\/2025\/02\/dc-fast-charger-station-charger-lahti-hq-kempower-6-1980x1080-2.jpg?strip=all&lossy=1&ssl=1","width":1980,"height":1080},{"@type":"BreadcrumbList","@id":"https:\/\/kempower.com\/es\/news\/kempower-lanza-un-cargador-station-charger-mejorado-amplia-la-plataforma-de-cargadores-de-nueva-generacion-de-la-empresa-con-el-modulo-power-module-v2\/#breadcrumb","itemListElement":[{"@type":"ListItem","position":1,"name":"Home","item":"https:\/\/kempower.com\/es\/"},{"@type":"ListItem","position":2,"name":"News","item":"https:\/\/kempower.com\/es\/news\/"},{"@type":"ListItem","position":3,"name":"Kempower lanza un cargador Station Charger mejorado: ampl\u00eda la plataforma de cargadores de nueva generaci\u00f3n de la empresa con el m\u00f3dulo Power Module V2"}]},{"@type":"WebSite","@id":"https:\/\/kempower.com\/es\/#website","url":"https:\/\/kempower.com\/es\/","name":"Kempower","description":"Powering Planet Cool","publisher":{"@id":"https:\/\/kempower.com\/es\/#organization"},"potentialAction":[{"@type":"SearchAction","target":{"@type":"EntryPoint","urlTemplate":"https:\/\/kempower.com\/es\/?s={search_term_string}"},"query-input":{"@type":"PropertyValueSpecification","valueRequired":true,"valueName":"search_term_string"}}],"inLanguage":"es"},{"@type":"Organization","@id":"https:\/\/kempower.com\/es\/#organization","name":"Kempower Oy","alternateName":"Kempower","url":"https:\/\/kempower.com\/es\/","logo":{"@type":"ImageObject","inLanguage":"es","@id":"https:\/\/kempower.com\/es\/#\/schema\/logo\/image\/","url":"https:\/\/earj6jxwkhd.exactdn.com\/wp-content\/uploads\/2024\/04\/kp-logo-orangelarge.svg","contentUrl":"https:\/\/earj6jxwkhd.exactdn.com\/wp-content\/uploads\/2024\/04\/kp-logo-orangelarge.svg","width":696,"height":697,"caption":"Kempower Oy"},"image":{"@id":"https:\/\/kempower.com\/es\/#\/schema\/logo\/image\/"},"sameAs":["https:\/\/www.facebook.com\/kempowerfi\/","https:\/\/x.com\/kempoweroyj"]}]}},"post_thumbnail_url":"https:\/\/earj6jxwkhd.exactdn.com\/wp-content\/uploads\/2025\/02\/dc-fast-charger-station-charger-lahti-hq-kempower-6-1980x1080-2-1024x559.jpg?strip=all&lossy=1&ssl=1","_links":{"self":[{"href":"https:\/\/kempower.com\/es\/wp-json\/wp\/v2\/news\/76000","targetHints":{"allow":["GET"]}}],"collection":[{"href":"https:\/\/kempower.com\/es\/wp-json\/wp\/v2\/news"}],"about":[{"href":"https:\/\/kempower.com\/es\/wp-json\/wp\/v2\/types\/news"}],"version-history":[{"count":2,"href":"https:\/\/kempower.com\/es\/wp-json\/wp\/v2\/news\/76000\/revisions"}],"predecessor-version":[{"id":76355,"href":"https:\/\/kempower.com\/es\/wp-json\/wp\/v2\/news\/76000\/revisions\/76355"}],"wp:featuredmedia":[{"embeddable":true,"href":"https:\/\/kempower.com\/es\/wp-json\/wp\/v2\/media\/62740"}],"wp:attachment":[{"href":"https:\/\/kempower.com\/es\/wp-json\/wp\/v2\/media?parent=76000"}],"wp:term":[{"taxonomy":"post_tag","embeddable":true,"href":"https:\/\/kempower.com\/es\/wp-json\/wp\/v2\/tags?post=76000"}],"curies":[{"name":"wp","href":"https:\/\/api.w.org\/{rel}","templated":true}]}}